{"id":1780,"date":"2021-02-23T22:50:33","date_gmt":"2021-02-23T22:50:33","guid":{"rendered":"https:\/\/gkbcleadership.com\/3-ways-your-team-can-grow-during-covid\/"},"modified":"2025-06-19T21:56:34","modified_gmt":"2025-06-19T21:56:34","slug":"3-facons-pour-votre-equipe-de-progresser-pendant-la-covid","status":"publish","type":"post","link":"https:\/\/gkbcleadership.com\/fr\/3-facons-pour-votre-equipe-de-progresser-pendant-la-covid\/","title":{"rendered":"3 fa\u00e7ons pour votre \u00e9quipe de progresser pendant la COVID"},"content":{"rendered":"<p><div class=\"fusion-fullwidth fullwidth-box fusion-builder-row-1 fusion-flex-container nonhundred-percent-fullwidth non-hundred-percent-height-scrolling\" style=\"--awb-border-radius-top-left:0px;--awb-border-radius-top-right:0px;--awb-border-radius-bottom-right:0px;--awb-border-radius-bottom-left:0px;--awb-flex-wrap:wrap;\" ><div class=\"fusion-builder-row fusion-row fusion-flex-align-items-flex-start fusion-flex-content-wrap\" style=\"max-width:83.2vw;margin-left: calc(-4% \/ 2 );margin-right: calc(-4% \/ 2 );\"><div class=\"fusion-layout-column fusion_builder_column fusion-builder-column-0 fusion_builder_column_1_1 1_1 fusion-flex-column\" style=\"--awb-bg-blend:overlay;--awb-bg-size:cover;--awb-width-large:100%;--awb-margin-top-large:0px;--awb-spacing-right-large:1.92%;--awb-margin-bottom-large:0px;--awb-spacing-left-large:1.92%;--awb-width-medium:100%;--awb-spacing-right-medium:1.92%;--awb-spacing-left-medium:1.92%;--awb-width-small:100%;--awb-spacing-right-small:1.92%;--awb-spacing-left-small:1.92%;\"><div class=\"fusion-column-wrapper fusion-flex-justify-content-flex-start fusion-content-layout-column\"><div class=\"fusion-text fusion-text-1\"><p>Lorsque nous sommes confront\u00e9s \u00e0 des \u00e9v\u00e9nements difficiles \u00e0 l\u2019\u00e9chelle mondiale, comme les attentats du 11 septembre 2001 contre le World Trade Center, il ne faut pas sous-estimer le niveau de stress et d\u2019anxi\u00e9t\u00e9 que vivent les gens. Les rapports quotidiens sur les infections et les d\u00e9c\u00e8s agissent comme un rappel constant et douloureux, tout comme l\u2019\u00e9taient les images r\u00e9p\u00e9t\u00e9es des tours frapp\u00e9es puis effondr\u00e9es. Les ressources en sant\u00e9 mentale sont pouss\u00e9es \u00e0 leurs limites, et des sondages estiment que jusqu\u2019\u00e0 11\u202f% de la population souffre de sympt\u00f4mes de stress post-traumatique (SSPT). Malgr\u00e9 ces temps difficiles, l\u2019\u00e9conomie \u2013 pilier essentiel de notre stabilit\u00e9 \u2013 doit continuer \u00e0 fonctionner. Que peuvent faire les employeurs et les entrepreneurs face \u00e0 une telle adversit\u00e9\u202f?<\/p>\n<p>L\u2019histoire nous a enseign\u00e9 des le\u00e7ons pr\u00e9cieuses sur la fa\u00e7on non seulement de survivre, mais aussi de prosp\u00e9rer dans les circonstances les plus \u00e9prouvantes. Au Leadership Journal, nous ne pr\u00f4nons pas la mentalit\u00e9 du \u00ab\u202fgarder la t\u00eate haute \u00e0 tout prix\u202f\u00bb\u202f; \u00eatre r\u00e9silient et confiant est essentiel, mais si vous ressentez des sympt\u00f4mes d\u2019anxi\u00e9t\u00e9 ou de d\u00e9pression, nous vous encourageons vivement \u00e0 consulter un professionnel de la sant\u00e9.<\/p>\n<p>L\u2019article suivant propose aux leaders des pistes concr\u00e8tes et des outils pour aider leurs \u00e9quipes \u00e0 s\u2019\u00e9panouir m\u00eame en temps de crise, comme lors de la pand\u00e9mie actuelle de COVID.<\/p>\n<\/div><div class=\"fusion-separator fusion-full-width-sep\" style=\"align-self: center;margin-left: auto;margin-right: auto;margin-top:5px;margin-bottom:15px;width:100%;\"><\/div><\/div><\/div><\/div><\/div><div class=\"fusion-fullwidth fullwidth-box fusion-builder-row-2 fusion-flex-container nonhundred-percent-fullwidth non-hundred-percent-height-scrolling\" style=\"--awb-border-radius-top-left:0px;--awb-border-radius-top-right:0px;--awb-border-radius-bottom-right:0px;--awb-border-radius-bottom-left:0px;--awb-flex-wrap:wrap;\" ><div class=\"fusion-builder-row fusion-row fusion-flex-align-items-flex-start fusion-flex-content-wrap\" style=\"max-width:83.2vw;margin-left: calc(-4% \/ 2 );margin-right: calc(-4% \/ 2 );\"><div class=\"fusion-layout-column fusion_builder_column fusion-builder-column-1 fusion_builder_column_1_1 1_1 fusion-flex-column\" style=\"--awb-bg-blend:overlay;--awb-bg-size:cover;--awb-width-large:100%;--awb-margin-top-large:0px;--awb-spacing-right-large:1.92%;--awb-margin-bottom-large:0px;--awb-spacing-left-large:1.92%;--awb-width-medium:100%;--awb-spacing-right-medium:1.92%;--awb-spacing-left-medium:1.92%;--awb-width-small:100%;--awb-spacing-right-small:1.92%;--awb-spacing-left-small:1.92%;\"><div class=\"fusion-column-wrapper fusion-flex-justify-content-flex-start fusion-content-layout-column\"><div class=\"fusion-text fusion-text-2\"><h4>\u00c9tape n\u00b01 \u2013 R\u00e9\u00e9valuer sa situation<\/h4>\n<p>Le psychologue Isaac Galatzer-Levy et ses coll\u00e8gues ont <a href=\"https:\/\/www.sciencedirect.com\/science\/article\/abs\/pii\/S0272735818300539?via%3Dihub\" target=\"_blank\" rel=\"noopener\">\u00e9tudi\u00e9<\/a> la fa\u00e7on dont les gens r\u00e9agissent apr\u00e8s avoir v\u00e9cu des traumatismes extr\u00eames, tels que la perte d\u2019un proche, une blessure grave ou un combat en zone de guerre. Ils ont constat\u00e9 que la majorit\u00e9 d\u2019entre eux \u2014 65\u202f% \u2014 suivaient ce qu\u2019ils appellent une \u00ab\u00a0<a href=\"https:\/\/www.psychologicalscience.org\/observer\/bonanno\" target=\"_blank\" rel=\"noopener\">trajectoire r\u00e9siliente<\/a>\u00ab\u00a0. Cela signifie qu\u2019ils parviennent \u00e0 rester psychologiquement stables malgr\u00e9 l\u2019\u00e9preuve. Beaucoup d\u2019entre eux ressentent m\u00eame un bien-\u00eatre accru apr\u00e8s le traumatisme. Comment est-ce possible\u202f?<\/p>\n<p>L\u2019une des raisons \u00e9voqu\u00e9es est que de nombreuses personnes choisissent de r\u00e9fl\u00e9chir \u00e0 leur parcours de vie apr\u00e8s un \u00e9v\u00e9nement traumatisant. Elles r\u00e9\u00e9valuent leurs priorit\u00e9s et adoptent une vision plus reconnaissante de leur existence. Certaines changent de carri\u00e8re, retournent aux \u00e9tudes ou renouent avec leur famille, leurs amis ou leur communaut\u00e9. Ce processus conduit souvent \u00e0 un plus grand sentiment de but, de connexion sociale et parfois m\u00eame de spiritualit\u00e9. Les psychologues appellent cela la \u00ab\u202fcroissance post-traumatique\u202f\u00bb (PTG), un ph\u00e9nom\u00e8ne relativement courant. Dans une <a href=\"https:\/\/pubmed.ncbi.nlm.nih.gov\/30268956\/\" target=\"_blank\" rel=\"noopener\">m\u00e9ta-analyse<\/a> de plus de 10\u202f000 survivants de traumatismes, environ 50\u202f% ont d\u00e9clar\u00e9 avoir connu une certaine forme de PTG.<\/p>\n<p>Au Leadership Journal, nous ne pr\u00e9tendons pas que vivre un traumatisme d\u00e9vastateur est n\u00e9cessaire pour grandir. Et nous ne minimisons en aucun cas la douleur de ceux dont le traumatisme a \u00e9t\u00e9 trop profond pour permettre un retour \u00e0 la normale. Mais les donn\u00e9es montrent que r\u00e9\u00e9valuer notre situation actuelle et laisser un sentiment de gratitude nourrir notre volont\u00e9 de d\u00e9finir de nouvelles priorit\u00e9s et d\u2019atteindre de nouveaux objectifs peut nous aider \u00e0 surmonter l\u2019adversit\u00e9.<\/p>\n<\/div><div class=\"fusion-separator fusion-full-width-sep\" style=\"align-self: center;margin-left: auto;margin-right: auto;margin-top:5px;margin-bottom:15px;width:100%;\"><div class=\"fusion-separator-border sep-double\" style=\"--awb-height:20px;--awb-amount:20px;border-color:var(--awb-color3);border-top-width:0px;border-bottom-width:0px;\"><\/div><\/div><\/div><\/div><\/div><\/div><div class=\"fusion-fullwidth fullwidth-box fusion-builder-row-3 fusion-flex-container nonhundred-percent-fullwidth non-hundred-percent-height-scrolling\" style=\"--awb-border-radius-top-left:0px;--awb-border-radius-top-right:0px;--awb-border-radius-bottom-right:0px;--awb-border-radius-bottom-left:0px;--awb-flex-wrap:wrap;\" ><div class=\"fusion-builder-row fusion-row fusion-flex-align-items-flex-start fusion-flex-content-wrap\" style=\"max-width:83.2vw;margin-left: calc(-4% \/ 2 );margin-right: calc(-4% \/ 2 );\"><div class=\"fusion-layout-column fusion_builder_column fusion-builder-column-2 fusion_builder_column_1_1 1_1 fusion-flex-column\" style=\"--awb-bg-blend:overlay;--awb-bg-size:cover;--awb-width-large:100%;--awb-margin-top-large:0px;--awb-spacing-right-large:1.92%;--awb-margin-bottom-large:0px;--awb-spacing-left-large:1.92%;--awb-width-medium:100%;--awb-spacing-right-medium:1.92%;--awb-spacing-left-medium:1.92%;--awb-width-small:100%;--awb-spacing-right-small:1.92%;--awb-spacing-left-small:1.92%;\"><div class=\"fusion-column-wrapper fusion-flex-justify-content-flex-start fusion-content-layout-column\"><div class=\"fusion-text fusion-text-3\"><h4>\u00c9tape n\u00b02 \u2013 Reconnecter avec vos valeurs<\/h4>\n<p>Malgr\u00e9 le st\u00e9r\u00e9otype du patron dur et inflexible, la plupart des leaders se soucient profond\u00e9ment de leurs \u00e9quipes. De nombreux t\u00e9moignages montrent \u00e0 quel point les dirigeants souffrent du stress li\u00e9 \u00e0 leur incapacit\u00e9 de prot\u00e9ger leurs employ\u00e9s. Une histoire me revient en t\u00eate\u202f: celle d\u2019un fondateur de start-up confront\u00e9 \u00e0 un licenciement massif de 60\u202f% de son personnel. Un changement impr\u00e9vu du march\u00e9 avait r\u00e9duit drastiquement la tr\u00e9sorerie, rendant impossible le maintien du niveau actuel de la masse salariale. Continuer ainsi l\u2019aurait men\u00e9 tout droit \u00e0 la faillite. L\u2019un de ses investisseurs lui a dit\u202f: tu peux essayer d\u2019\u00eatre un h\u00e9ros et d\u00e9cevoir tout le monde, ou bien voir cette situation comme une opportunit\u00e9 et une responsabilit\u00e9\u202f: prendre soin, de mani\u00e8re exceptionnelle, de ceux que tu pourras garder.<\/p>\n<p>Aussi difficile que cela paraisse, cette situation est bien r\u00e9elle pour beaucoup de leaders. Mais alors, comment vos valeurs peuvent-elles vous aider dans une telle \u00e9preuve\u202f?<\/p>\n<p>Le psychologue George Bonanno et ses coll\u00e8gues ont <a href=\"https:\/\/psycnet.apa.org\/record\/2005-06516-007\" target=\"_blank\" rel=\"noopener noreferrer\">\u00e9tudi\u00e9<\/a> les personnes touch\u00e9es par les \u00e9v\u00e9nements du 11 septembre. Leur recherche a montr\u00e9 que celles ayant un sens clair du but et de l\u2019autonomie \u00e9taient plus susceptibles de faire preuve de r\u00e9silience. Cela se traduisait aussi par une meilleure moralit\u00e9 au travail. En revenant \u00e0 vos valeurs fondamentales et en d\u00e9cidant de les incarner plus pleinement, vous augmentez vos chances de traverser l\u2019\u00e9preuve avec force. Et en tant que dirigeant, vous pouvez guider vos \u00e9quipes \u00e0 faire de m\u00eame.<\/p>\n<p>Comment faire\u202f? Invitez vos collaborateurs \u00e0 \u00e9crire ce qui est important pour eux, d\u2019un point de vue \u00e9thique et humain. Donnez l\u2019exemple en partageant vos propres valeurs. Cr\u00e9ez un espace de discussion autour de ces sujets ou, si n\u00e9cessaire, faites appel \u00e0 un facilitateur externe.<\/p>\n<p>Vous h\u00e9sitez \u00e0 investir dans cette d\u00e9marche\u202f? Sachez que lors d\u2019une importante restructuration dans un h\u00f4pital public, les dirigeants ont organis\u00e9 des ateliers pour aider le personnel \u00e0 exprimer sa col\u00e8re et sa tristesse. Ils ont invit\u00e9 les \u00e9quipes \u00e0 contribuer \u00e0 la reconstruction d\u2019un meilleur h\u00f4pital. R\u00e9sultat\u202f? La motivation est remont\u00e9e en fl\u00e8che, l\u2019absent\u00e9isme a chut\u00e9, la productivit\u00e9 a augment\u00e9\u2026 et les erreurs m\u00e9dicales ont diminu\u00e9, entra\u00eenant moins de poursuites et des primes d\u2019assurance r\u00e9duites. Bref, un impact positif pour tout le monde.<\/p>\n<\/div><div class=\"fusion-separator fusion-full-width-sep\" style=\"align-self: center;margin-left: auto;margin-right: auto;margin-top:5px;margin-bottom:15px;width:100%;\"><div class=\"fusion-separator-border sep-double\" style=\"--awb-height:20px;--awb-amount:20px;border-color:var(--awb-color3);border-top-width:0px;border-bottom-width:0px;\"><\/div><\/div><\/div><\/div><\/div><\/div><div class=\"fusion-fullwidth fullwidth-box fusion-builder-row-4 fusion-flex-container nonhundred-percent-fullwidth non-hundred-percent-height-scrolling\" style=\"--awb-border-radius-top-left:0px;--awb-border-radius-top-right:0px;--awb-border-radius-bottom-right:0px;--awb-border-radius-bottom-left:0px;--awb-flex-wrap:wrap;\" ><div class=\"fusion-builder-row fusion-row fusion-flex-align-items-flex-start fusion-flex-content-wrap\" style=\"max-width:83.2vw;margin-left: calc(-4% \/ 2 );margin-right: calc(-4% \/ 2 );\"><div class=\"fusion-layout-column fusion_builder_column fusion-builder-column-3 fusion_builder_column_1_1 1_1 fusion-flex-column\" style=\"--awb-bg-blend:overlay;--awb-bg-size:cover;--awb-width-large:100%;--awb-margin-top-large:0px;--awb-spacing-right-large:1.92%;--awb-margin-bottom-large:0px;--awb-spacing-left-large:1.92%;--awb-width-medium:100%;--awb-spacing-right-medium:1.92%;--awb-spacing-left-medium:1.92%;--awb-width-small:100%;--awb-spacing-right-small:1.92%;--awb-spacing-left-small:1.92%;\"><div class=\"fusion-column-wrapper fusion-flex-justify-content-flex-start fusion-content-layout-column\"><div class=\"fusion-text fusion-text-4\"><h4>\u00c9tape n\u00b03 \u2013 Renforcez la culture d\u2019\u00e9quipe<\/h4>\n<p>\u00c0 Madrid, apr\u00e8s les terribles attentats terroristes de 2004, les survivants s\u2019en sortaient nettement mieux lorsqu\u2019ils faisaient partie d\u2019une communaut\u00e9 solidaire. Une <a href=\"https:\/\/www.researchgate.net\/publication\/227658593_Social_sharing_of_emotion_post-traumatic_growth_and_emotional_climate_Follow-up_of_Spanish_citizen&#039;s_response_to_the_collective_trauma_of_March_11th_terrorist_attacks_in_Madrid\" target=\"_blank\" rel=\"noopener noreferrer\">\u00e9tude<\/a> men\u00e9e sur plusieurs semaines a r\u00e9v\u00e9l\u00e9 que de nombreux Espagnols avaient davantage parl\u00e9 \u00e0 leurs voisins, amis et proches de leurs \u00e9motions. Ceux qui partageaient davantage de fa\u00e7on empathique avec leur entourage ont connu un plus grand sentiment de bien-\u00eatre et de positivit\u00e9.<\/p>\n<p>La connexion avec les coll\u00e8gues et les proches a \u00e9t\u00e9 profond\u00e9ment boulevers\u00e9e par la pand\u00e9mie. Bien que la visioconf\u00e9rence nous ait permis de rester productifs, elle ne remplace pas les interactions spontan\u00e9es et humaines du bureau. Tony Hsieh (le fondateur de Zappos), parlait de ces moments comme des \u00ab\u202fcollisions\u202f\u00bb \u2013 ces rencontres improvis\u00e9es qui favorisent la cr\u00e9ativit\u00e9 et le lien social. Aller d\u00e9jeuner avec un coll\u00e8gue ou marcher pour discuter d\u2019un probl\u00e8me contribue \u00e9norm\u00e9ment \u00e0 construire une culture d\u2019\u00e9quipe forte. Alors, comment compenser cette nouvelle r\u00e9alit\u00e9\u202f?<\/p>\n<p>Heureusement, les leaders peuvent prendre des mesures concr\u00e8tes pour combler le manque de lien physique. Les experts s\u2019accordent \u00e0 dire qu\u2019il est essentiel d\u2019inclure des moments informels dans les r\u00e9unions planifi\u00e9es. Autoriser vos employ\u00e9s \u00e0 exprimer leurs \u00e9motions \u2013 et montrer par l\u2019exemple que c\u2019est acceptable d\u2019\u00eatre stress\u00e9 ou triste \u2013 renforce aussi la confiance. Organisez une visioconf\u00e9rence d\u00e9di\u00e9e uniquement \u00e0 la connexion humaine\u202f: cam\u00e9ra activ\u00e9e, salon en arri\u00e8re-plan, \u00e9changes sur la vie personnelle\u2026 cela cr\u00e9e une vraie proximit\u00e9. Souvenez-vous\u202f: ce que vous dites importe moins que la fa\u00e7on dont vous faites sentir les autres.<\/p>\n<p>Pour d\u2019autres conseils sur la mani\u00e8re de rester connect\u00e9 avec votre \u00e9quipe, consultez <a href=\"https:\/\/www.nrcan.gc.ca\/nrcan\/covid-coronavirus-nrcan-employee\/working-nrcan-during-covid-19\/6-tips-staying-connected-team-during-covid-19\/22746\" target=\"_blank\" rel=\"noopener noreferrer\">le site de Ressources naturelles Canada (NRCan)<\/a>.<\/p>\n<\/div><div class=\"fusion-separator fusion-full-width-sep\" style=\"align-self: center;margin-left: auto;margin-right: auto;margin-top:5px;margin-bottom:15px;width:100%;\"><div class=\"fusion-separator-border sep-double\" style=\"--awb-height:20px;--awb-amount:20px;border-color:var(--awb-color3);border-top-width:0px;border-bottom-width:0px;\"><\/div><\/div><\/div><\/div><\/div><\/div><div class=\"fusion-fullwidth fullwidth-box fusion-builder-row-5 fusion-flex-container nonhundred-percent-fullwidth non-hundred-percent-height-scrolling\" style=\"--awb-border-radius-top-left:0px;--awb-border-radius-top-right:0px;--awb-border-radius-bottom-right:0px;--awb-border-radius-bottom-left:0px;--awb-flex-wrap:wrap;\" ><div class=\"fusion-builder-row fusion-row fusion-flex-align-items-flex-start fusion-flex-content-wrap\" style=\"max-width:83.2vw;margin-left: calc(-4% \/ 2 );margin-right: calc(-4% \/ 2 );\"><div class=\"fusion-layout-column fusion_builder_column fusion-builder-column-4 fusion_builder_column_1_1 1_1 fusion-flex-column\" style=\"--awb-bg-blend:overlay;--awb-bg-size:cover;--awb-width-large:100%;--awb-margin-top-large:0px;--awb-spacing-right-large:1.92%;--awb-margin-bottom-large:0px;--awb-spacing-left-large:1.92%;--awb-width-medium:100%;--awb-spacing-right-medium:1.92%;--awb-spacing-left-medium:1.92%;--awb-width-small:100%;--awb-spacing-right-small:1.92%;--awb-spacing-left-small:1.92%;\"><div class=\"fusion-column-wrapper fusion-flex-justify-content-flex-start fusion-content-layout-column\"><div class=\"fusion-text fusion-text-5\"><h4>Conclusion<\/h4>\n<p>Nous vivons actuellement l\u2019un de ces moments rares dans l\u2019histoire o\u00f9 l\u2019humanit\u00e9, en tant que famille, est appel\u00e9e \u00e0 faire preuve du meilleur d\u2019elle-m\u00eame en mati\u00e8re de leadership. Pas seulement ceux qui portent un titre, mais surtout ceux-l\u00e0 ont la responsabilit\u00e9 d\u2019aider leur entourage \u00e0 \u00e9valuer leur situation (choix de vie) et \u00e0 les soutenir dans les changements qu\u2019ils pourraient souhaiter entreprendre face aux circonstances actuelles.<\/p>\n<p>Adopter un leadership fond\u00e9 sur des valeurs est toujours un choix avis\u00e9, et cela l\u2019est encore plus aujourd\u2019hui. <a href=\"https:\/\/journals.sagepub.com\/doi\/full\/10.1177\/1548051818806290?casa_token=NuZ8QVc2q84AAAAA%3AOrP2R9ezod4D7jZuCMJ8iRmiRyEbZ4cmlBAwlYl3CM7-u1NFv_SbO4tUolrXEsdpHG9DehUZEgLu&amp;\" target=\"_blank\" rel=\"noopener noreferrer\">Les \u00e9tudes montrent de plus en plus<\/a> qu\u2019un lien fort entre nos valeurs et notre vocation g\u00e9n\u00e8re des \u00e9quipes plus productives et engag\u00e9es.<\/p>\n<p>Enfin, prenez le temps de vous connecter personnellement aux gens autour de vous. Cela peut \u00eatre inconfortable au d\u00e9but, d\u2019\u00eatre confront\u00e9 \u00e0 des \u00ab\u202f\u00e9motions d\u00e9sordonn\u00e9es\u202f\u00bb ou de ne pas avoir toutes les r\u00e9ponses. Mais qui les a vraiment\u202f? Vous pouvez vous sentir imposteur en partageant leurs angoisses tout en ressentant les v\u00f4tres\u2026 mais sachez que le simple fait d\u2019\u00e9couter, sinc\u00e8rement, est d\u00e9j\u00e0 un geste puissant. Vous n\u2019\u00eates pas oblig\u00e9(e) de vous livrer (m\u00eame si cela cr\u00e9e un lien de confiance), mais \u00eatre une oreille attentive peut v\u00e9ritablement tout changer.<\/p>\n<p>Un grand merci au professeur de psychologie Jamil Zaki de l\u2019Universit\u00e9 Stanford, auteur de <a href=\"https:\/\/www.penguinrandomhouse.com\/books\/550616\/the-war-for-kindness-by-jamil-zaki\/\" target=\"_blank\" rel=\"noopener noreferrer\">The War For Kindness: Building Empathy in a Fractured World<\/a>, pour les recherches cit\u00e9es dans cet article.<\/p>\n<\/div><\/div><\/div><\/div><\/div><\/p>\n","protected":false},"excerpt":{"rendered":"<p>Lorsque nous sommes confront\u00e9s \u00e0 des \u00e9v\u00e9nements difficiles \u00e0 l\u2019\u00e9chelle mondiale, comme le 11 septembre&#8230;<\/p>\n","protected":false},"author":3,"featured_media":1640,"comment_status":"closed","ping_status":"open","sticky":false,"template":"","format":"standard","meta":{"_acf_changed":false,"footnotes":""},"categories":[54,55,56],"tags":[],"class_list":["post-1780","post","type-post","status-publish","format-standard","has-post-thumbnail","hentry","category-hr-fr","category-leadership-fr","category-mindset-fr"],"acf":[],"_links":{"self":[{"href":"https:\/\/gkbcleadership.com\/fr\/wp-json\/wp\/v2\/posts\/1780","targetHints":{"allow":["GET"]}}],"collection":[{"href":"https:\/\/gkbcleadership.com\/fr\/wp-json\/wp\/v2\/posts"}],"about":[{"href":"https:\/\/gkbcleadership.com\/fr\/wp-json\/wp\/v2\/types\/post"}],"author":[{"embeddable":true,"href":"https:\/\/gkbcleadership.com\/fr\/wp-json\/wp\/v2\/users\/3"}],"replies":[{"embeddable":true,"href":"https:\/\/gkbcleadership.com\/fr\/wp-json\/wp\/v2\/comments?post=1780"}],"version-history":[{"count":0,"href":"https:\/\/gkbcleadership.com\/fr\/wp-json\/wp\/v2\/posts\/1780\/revisions"}],"wp:featuredmedia":[{"embeddable":true,"href":"https:\/\/gkbcleadership.com\/fr\/wp-json\/wp\/v2\/media\/1640"}],"wp:attachment":[{"href":"https:\/\/gkbcleadership.com\/fr\/wp-json\/wp\/v2\/media?parent=1780"}],"wp:term":[{"taxonomy":"category","embeddable":true,"href":"https:\/\/gkbcleadership.com\/fr\/wp-json\/wp\/v2\/categories?post=1780"},{"taxonomy":"post_tag","embeddable":true,"href":"https:\/\/gkbcleadership.com\/fr\/wp-json\/wp\/v2\/tags?post=1780"}],"curies":[{"name":"wp","href":"https:\/\/api.w.org\/{rel}","templated":true}]}}